{"id":3788,"date":"2020-10-16T10:54:46","date_gmt":"2020-10-16T08:54:46","guid":{"rendered":"https:\/\/www.francemachinesoutils.com\/?p=3788\/"},"modified":"2022-08-22T09:34:13","modified_gmt":"2022-08-22T07:34:13","slug":"retrospective-sur-nos-journees-portes-ouvertes-2020","status":"publish","type":"post","link":"https:\/\/www.francemachinesoutils.com\/fr\/blog\/evenements\/retrospective-sur-nos-journees-portes-ouvertes-2020.html","title":{"rendered":"R\u00e9trospective sur nos Journ\u00e9es Portes Ouvertes 2020"},"content":{"rendered":"<p>Les 23-24-25 septembre \u00e0 Lyon et les 7-8-9 octobre \u00e0 Paris se sont tenues nos Journ\u00e9es Portes Ouvertes, o\u00f9 nous avons eu \u00e0 c\u0153ur de vous aider dans vos projets et de vous pr\u00e9senter nos toutes derni\u00e8res nouveaut\u00e9s :<\/p>\n<p><img fetchpriority=\"high\" decoding=\"async\" class=\"alignnone wp-image-3801\" src=\"https:\/\/cdn.www.francemachinesoutils.com\/wp-content\/uploads\/2020\/10\/Bandeau-machines.png\" alt=\"\" width=\"1320\" height=\"183\" srcset=\"https:\/\/www.francemachinesoutils.com\/wp-content\/uploads\/2020\/10\/Bandeau-machines.png 3652w, https:\/\/www.francemachinesoutils.com\/wp-content\/uploads\/2020\/10\/Bandeau-machines-300x42.png 300w, https:\/\/www.francemachinesoutils.com\/wp-content\/uploads\/2020\/10\/Bandeau-machines-1140x158.png 1140w, https:\/\/www.francemachinesoutils.com\/wp-content\/uploads\/2020\/10\/Bandeau-machines-768x106.png 768w, https:\/\/www.francemachinesoutils.com\/wp-content\/uploads\/2020\/10\/Bandeau-machines-1536x213.png 1536w, https:\/\/www.francemachinesoutils.com\/wp-content\/uploads\/2020\/10\/Bandeau-machines-2048x284.png 2048w, https:\/\/www.francemachinesoutils.com\/wp-content\/uploads\/2020\/10\/Bandeau-machines-570x79.png 570w\" sizes=\"(max-width: 1320px) 100vw, 1320px\" \/><\/p>\n<p>Toute l\u2019\u00e9quipe France Machine Outils souhaitait adresser ses remerciements \u00e0 nos clients venus de la France enti\u00e8re nous rejoindre pour profiter des d\u00e9monstrations, conseils et \u00e9changer ensemble sur les projets \u00e0 venir.<\/p>\n<blockquote><p>A ce titre, nous avons \u00e9t\u00e9 ravis et tenions \u00e0 partager vos ressentis sur ces journ\u00e9es, voici quelques t\u00e9moignages :<\/p><\/blockquote>\n","protected":false},"excerpt":{"rendered":"<p>Les 23-24-25 septembre \u00e0 Lyon et les 7-8-9 octobre \u00e0&#8230;<\/p>\n","protected":false},"author":7,"featured_media":3827,"comment_status":"closed","ping_status":"open","sticky":false,"template":"","format":"standard","meta":{"_acf_changed":false,"footnotes":""},"categories":[229],"tags":[],"class_list":["post-3788","post","type-post","status-publish","format-standard","has-post-thumbnail","hentry","category-evenements"],"acf":[],"yoast_head":"<!-- This site is optimized with the Yoast SEO plugin v27.1.1 - https:\/\/yoast.com\/product\/yoast-seo-wordpress\/ -->\n<title>R\u00e9trospective sur nos Journ\u00e9es Portes Ouvertes 2020 - France Machines Outils<\/title>\n<meta name=\"robots\" content=\"index, follow, max-snippet:-1, max-image-preview:large, max-video-preview:-1\" \/>\n<link rel=\"canonical\" href=\"https:\/\/www.francemachinesoutils.com\/fr\/blog\/evenements\/retrospective-sur-nos-journees-portes-ouvertes-2020.html\" \/>\n<meta property=\"og:locale\" content=\"fr_FR\" \/>\n<meta property=\"og:type\" content=\"article\" \/>\n<meta property=\"og:title\" content=\"R\u00e9trospective sur nos Journ\u00e9es Portes Ouvertes 2020 - France Machines Outils\" \/>\n<meta property=\"og:description\" content=\"Les 23-24-25 septembre \u00e0 Lyon et les 7-8-9 octobre \u00e0...\" \/>\n<meta property=\"og:url\" content=\"https:\/\/www.francemachinesoutils.com\/fr\/blog\/evenements\/retrospective-sur-nos-journees-portes-ouvertes-2020.html\" \/>\n<meta property=\"og:site_name\" content=\"France Machines Outils\" \/>\n<meta property=\"article:publisher\" content=\"https:\/\/www.facebook.com\/France-Machines-Outils-916485235075111\" \/>\n<meta property=\"article:published_time\" content=\"2020-10-16T08:54:46+00:00\" \/>\n<meta property=\"article:modified_time\" content=\"2022-08-22T07:34:13+00:00\" \/>\n<meta property=\"og:image\" content=\"https:\/\/www.francemachinesoutils.com\/wp-content\/uploads\/2020\/10\/Retrospective.jpg\" \/>\n\t<meta property=\"og:image:width\" content=\"2358\" \/>\n\t<meta property=\"og:image:height\" content=\"1351\" \/>\n\t<meta property=\"og:image:type\" content=\"image\/jpeg\" \/>\n<meta name=\"author\" content=\"lgilfort\" \/>\n<meta name=\"twitter:card\" content=\"summary_large_image\" \/>\n<meta name=\"twitter:label1\" content=\"\u00c9crit par\" \/>\n\t<meta name=\"twitter:data1\" content=\"lgilfort\" \/>\n<script type=\"application\/ld+json\" class=\"yoast-schema-graph\">{\"@context\":\"https:\/\/schema.org\",\"@graph\":[{\"@type\":\"Article\",\"@id\":\"https:\/\/www.francemachinesoutils.com\/fr\/blog\/evenements\/retrospective-sur-nos-journees-portes-ouvertes-2020.html#article\",\"isPartOf\":{\"@id\":\"https:\/\/www.francemachinesoutils.com\/fr\/blog\/evenements\/retrospective-sur-nos-journees-portes-ouvertes-2020.html\"},\"author\":{\"name\":\"lgilfort\",\"@id\":\"https:\/\/www.francemachinesoutils.com\/fr\/#\/schema\/person\/4ebdcb0f438c80e0f8e9c8f360558ee6\"},\"headline\":\"R\u00e9trospective sur nos Journ\u00e9es Portes Ouvertes 2020\",\"datePublished\":\"2020-10-16T08:54:46+00:00\",\"dateModified\":\"2022-08-22T07:34:13+00:00\",\"mainEntityOfPage\":{\"@id\":\"https:\/\/www.francemachinesoutils.com\/fr\/blog\/evenements\/retrospective-sur-nos-journees-portes-ouvertes-2020.html\"},\"wordCount\":103,\"publisher\":{\"@id\":\"https:\/\/www.francemachinesoutils.com\/fr\/#organization\"},\"image\":{\"@id\":\"https:\/\/www.francemachinesoutils.com\/fr\/blog\/evenements\/retrospective-sur-nos-journees-portes-ouvertes-2020.html#primaryimage\"},\"thumbnailUrl\":\"https:\/\/www.francemachinesoutils.com\/wp-content\/uploads\/2020\/10\/Retrospective.jpg\",\"articleSection\":[\"\u00c9v\u00e8nements\"],\"inLanguage\":\"fr-FR\"},{\"@type\":\"WebPage\",\"@id\":\"https:\/\/www.francemachinesoutils.com\/fr\/blog\/evenements\/retrospective-sur-nos-journees-portes-ouvertes-2020.html\",\"url\":\"https:\/\/www.francemachinesoutils.com\/fr\/blog\/evenements\/retrospective-sur-nos-journees-portes-ouvertes-2020.html\",\"name\":\"R\u00e9trospective sur nos Journ\u00e9es Portes Ouvertes 2020 - France Machines Outils\",\"isPartOf\":{\"@id\":\"https:\/\/www.francemachinesoutils.com\/fr\/#website\"},\"primaryImageOfPage\":{\"@id\":\"https:\/\/www.francemachinesoutils.com\/fr\/blog\/evenements\/retrospective-sur-nos-journees-portes-ouvertes-2020.html#primaryimage\"},\"image\":{\"@id\":\"https:\/\/www.francemachinesoutils.com\/fr\/blog\/evenements\/retrospective-sur-nos-journees-portes-ouvertes-2020.html#primaryimage\"},\"thumbnailUrl\":\"https:\/\/www.francemachinesoutils.com\/wp-content\/uploads\/2020\/10\/Retrospective.jpg\",\"datePublished\":\"2020-10-16T08:54:46+00:00\",\"dateModified\":\"2022-08-22T07:34:13+00:00\",\"breadcrumb\":{\"@id\":\"https:\/\/www.francemachinesoutils.com\/fr\/blog\/evenements\/retrospective-sur-nos-journees-portes-ouvertes-2020.html#breadcrumb\"},\"inLanguage\":\"fr-FR\",\"potentialAction\":[{\"@type\":\"ReadAction\",\"target\":[\"https:\/\/www.francemachinesoutils.com\/fr\/blog\/evenements\/retrospective-sur-nos-journees-portes-ouvertes-2020.html\"]}]},{\"@type\":\"ImageObject\",\"inLanguage\":\"fr-FR\",\"@id\":\"https:\/\/www.francemachinesoutils.com\/fr\/blog\/evenements\/retrospective-sur-nos-journees-portes-ouvertes-2020.html#primaryimage\",\"url\":\"https:\/\/www.francemachinesoutils.com\/wp-content\/uploads\/2020\/10\/Retrospective.jpg\",\"contentUrl\":\"https:\/\/www.francemachinesoutils.com\/wp-content\/uploads\/2020\/10\/Retrospective.jpg\",\"width\":2358,\"height\":1351,\"caption\":\"R\u00e9trospective journ\u00e9es portes ouvertes 07 au 09 octobre 2020\"},{\"@type\":\"BreadcrumbList\",\"@id\":\"https:\/\/www.francemachinesoutils.com\/fr\/blog\/evenements\/retrospective-sur-nos-journees-portes-ouvertes-2020.html#breadcrumb\",\"itemListElement\":[{\"@type\":\"ListItem\",\"position\":1,\"name\":\"Accueil\",\"item\":\"https:\/\/www.francemachinesoutils.com\/fr\/\"},{\"@type\":\"ListItem\",\"position\":2,\"name\":\"\u00c9v\u00e8nements\",\"item\":\"https:\/\/www.francemachinesoutils.com\/fr\/blog\/categorie\/evenements.html\"},{\"@type\":\"ListItem\",\"position\":3,\"name\":\"R\u00e9trospective sur nos Journ\u00e9es Portes Ouvertes 2020\"}]},{\"@type\":\"WebSite\",\"@id\":\"https:\/\/www.francemachinesoutils.com\/fr\/#website\",\"url\":\"https:\/\/www.francemachinesoutils.com\/fr\/\",\"name\":\"France Machines Outils\",\"description\":\"France Machines Outils est fournisseur de machines outils neuves et d&#039;occasion pr\u00e9sent sur l&#039;ensemble du territoire.\",\"publisher\":{\"@id\":\"https:\/\/www.francemachinesoutils.com\/fr\/#organization\"},\"potentialAction\":[{\"@type\":\"SearchAction\",\"target\":{\"@type\":\"EntryPoint\",\"urlTemplate\":\"https:\/\/www.francemachinesoutils.com\/fr\/?s={search_term_string}\"},\"query-input\":{\"@type\":\"PropertyValueSpecification\",\"valueRequired\":true,\"valueName\":\"search_term_string\"}}],\"inLanguage\":\"fr-FR\"},{\"@type\":\"Organization\",\"@id\":\"https:\/\/www.francemachinesoutils.com\/fr\/#organization\",\"name\":\"France Machines Outils\",\"url\":\"https:\/\/www.francemachinesoutils.com\/fr\/\",\"logo\":{\"@type\":\"ImageObject\",\"inLanguage\":\"fr-FR\",\"@id\":\"https:\/\/www.francemachinesoutils.com\/fr\/#\/schema\/logo\/image\/\",\"url\":\"https:\/\/www.francemachinesoutils.com\/wp-content\/uploads\/2022\/05\/Icone_Logo_Bordure-01-01.jpg\",\"contentUrl\":\"https:\/\/www.francemachinesoutils.com\/wp-content\/uploads\/2022\/05\/Icone_Logo_Bordure-01-01.jpg\",\"width\":1512,\"height\":1512,\"caption\":\"France Machines Outils\"},\"image\":{\"@id\":\"https:\/\/www.francemachinesoutils.com\/fr\/#\/schema\/logo\/image\/\"},\"sameAs\":[\"https:\/\/www.facebook.com\/France-Machines-Outils-916485235075111\",\"https:\/\/www.linkedin.com\/company\/grp-france-machines-outils\/?viewAsMember=true\",\"https:\/\/www.youtube.com\/channel\/UCxbixPSB4J1a7GVI2nT3Y_g\"]},{\"@type\":\"Person\",\"@id\":\"https:\/\/www.francemachinesoutils.com\/fr\/#\/schema\/person\/4ebdcb0f438c80e0f8e9c8f360558ee6\",\"name\":\"lgilfort\",\"image\":{\"@type\":\"ImageObject\",\"inLanguage\":\"fr-FR\",\"@id\":\"https:\/\/www.francemachinesoutils.com\/fr\/#\/schema\/person\/image\/\",\"url\":\"https:\/\/secure.gravatar.com\/avatar\/db9541c9d91f216b06575bb0facd72d082832949cb9290f22129d1937db94cb4?s=96&d=mm&r=g\",\"contentUrl\":\"https:\/\/secure.gravatar.com\/avatar\/db9541c9d91f216b06575bb0facd72d082832949cb9290f22129d1937db94cb4?s=96&d=mm&r=g\",\"caption\":\"lgilfort\"}}]}<\/script>\n<!-- \/ Yoast SEO plugin. -->","yoast_head_json":{"title":"R\u00e9trospective sur nos Journ\u00e9es Portes Ouvertes 2020 - France Machines Outils","robots":{"index":"index","follow":"follow","max-snippet":"max-snippet:-1","max-image-preview":"max-image-preview:large","max-video-preview":"max-video-preview:-1"},"canonical":"https:\/\/www.francemachinesoutils.com\/fr\/blog\/evenements\/retrospective-sur-nos-journees-portes-ouvertes-2020.html","og_locale":"fr_FR","og_type":"article","og_title":"R\u00e9trospective sur nos Journ\u00e9es Portes Ouvertes 2020 - France Machines Outils","og_description":"Les 23-24-25 septembre \u00e0 Lyon et les 7-8-9 octobre \u00e0...","og_url":"https:\/\/www.francemachinesoutils.com\/fr\/blog\/evenements\/retrospective-sur-nos-journees-portes-ouvertes-2020.html","og_site_name":"France Machines Outils","article_publisher":"https:\/\/www.facebook.com\/France-Machines-Outils-916485235075111","article_published_time":"2020-10-16T08:54:46+00:00","article_modified_time":"2022-08-22T07:34:13+00:00","og_image":[{"width":2358,"height":1351,"url":"https:\/\/www.francemachinesoutils.com\/wp-content\/uploads\/2020\/10\/Retrospective.jpg","type":"image\/jpeg"}],"author":"lgilfort","twitter_card":"summary_large_image","twitter_misc":{"\u00c9crit par":"lgilfort"},"schema":{"@context":"https:\/\/schema.org","@graph":[{"@type":"Article","@id":"https:\/\/www.francemachinesoutils.com\/fr\/blog\/evenements\/retrospective-sur-nos-journees-portes-ouvertes-2020.html#article","isPartOf":{"@id":"https:\/\/www.francemachinesoutils.com\/fr\/blog\/evenements\/retrospective-sur-nos-journees-portes-ouvertes-2020.html"},"author":{"name":"lgilfort","@id":"https:\/\/www.francemachinesoutils.com\/fr\/#\/schema\/person\/4ebdcb0f438c80e0f8e9c8f360558ee6"},"headline":"R\u00e9trospective sur nos Journ\u00e9es Portes Ouvertes 2020","datePublished":"2020-10-16T08:54:46+00:00","dateModified":"2022-08-22T07:34:13+00:00","mainEntityOfPage":{"@id":"https:\/\/www.francemachinesoutils.com\/fr\/blog\/evenements\/retrospective-sur-nos-journees-portes-ouvertes-2020.html"},"wordCount":103,"publisher":{"@id":"https:\/\/www.francemachinesoutils.com\/fr\/#organization"},"image":{"@id":"https:\/\/www.francemachinesoutils.com\/fr\/blog\/evenements\/retrospective-sur-nos-journees-portes-ouvertes-2020.html#primaryimage"},"thumbnailUrl":"https:\/\/www.francemachinesoutils.com\/wp-content\/uploads\/2020\/10\/Retrospective.jpg","articleSection":["\u00c9v\u00e8nements"],"inLanguage":"fr-FR"},{"@type":"WebPage","@id":"https:\/\/www.francemachinesoutils.com\/fr\/blog\/evenements\/retrospective-sur-nos-journees-portes-ouvertes-2020.html","url":"https:\/\/www.francemachinesoutils.com\/fr\/blog\/evenements\/retrospective-sur-nos-journees-portes-ouvertes-2020.html","name":"R\u00e9trospective sur nos Journ\u00e9es Portes Ouvertes 2020 - France Machines Outils","isPartOf":{"@id":"https:\/\/www.francemachinesoutils.com\/fr\/#website"},"primaryImageOfPage":{"@id":"https:\/\/www.francemachinesoutils.com\/fr\/blog\/evenements\/retrospective-sur-nos-journees-portes-ouvertes-2020.html#primaryimage"},"image":{"@id":"https:\/\/www.francemachinesoutils.com\/fr\/blog\/evenements\/retrospective-sur-nos-journees-portes-ouvertes-2020.html#primaryimage"},"thumbnailUrl":"https:\/\/www.francemachinesoutils.com\/wp-content\/uploads\/2020\/10\/Retrospective.jpg","datePublished":"2020-10-16T08:54:46+00:00","dateModified":"2022-08-22T07:34:13+00:00","breadcrumb":{"@id":"https:\/\/www.francemachinesoutils.com\/fr\/blog\/evenements\/retrospective-sur-nos-journees-portes-ouvertes-2020.html#breadcrumb"},"inLanguage":"fr-FR","potentialAction":[{"@type":"ReadAction","target":["https:\/\/www.francemachinesoutils.com\/fr\/blog\/evenements\/retrospective-sur-nos-journees-portes-ouvertes-2020.html"]}]},{"@type":"ImageObject","inLanguage":"fr-FR","@id":"https:\/\/www.francemachinesoutils.com\/fr\/blog\/evenements\/retrospective-sur-nos-journees-portes-ouvertes-2020.html#primaryimage","url":"https:\/\/www.francemachinesoutils.com\/wp-content\/uploads\/2020\/10\/Retrospective.jpg","contentUrl":"https:\/\/www.francemachinesoutils.com\/wp-content\/uploads\/2020\/10\/Retrospective.jpg","width":2358,"height":1351,"caption":"R\u00e9trospective journ\u00e9es portes ouvertes 07 au 09 octobre 2020"},{"@type":"BreadcrumbList","@id":"https:\/\/www.francemachinesoutils.com\/fr\/blog\/evenements\/retrospective-sur-nos-journees-portes-ouvertes-2020.html#breadcrumb","itemListElement":[{"@type":"ListItem","position":1,"name":"Accueil","item":"https:\/\/www.francemachinesoutils.com\/fr\/"},{"@type":"ListItem","position":2,"name":"\u00c9v\u00e8nements","item":"https:\/\/www.francemachinesoutils.com\/fr\/blog\/categorie\/evenements.html"},{"@type":"ListItem","position":3,"name":"R\u00e9trospective sur nos Journ\u00e9es Portes Ouvertes 2020"}]},{"@type":"WebSite","@id":"https:\/\/www.francemachinesoutils.com\/fr\/#website","url":"https:\/\/www.francemachinesoutils.com\/fr\/","name":"France Machines Outils","description":"France Machines Outils est fournisseur de machines outils neuves et d&#039;occasion pr\u00e9sent sur l&#039;ensemble du territoire.","publisher":{"@id":"https:\/\/www.francemachinesoutils.com\/fr\/#organization"},"potentialAction":[{"@type":"SearchAction","target":{"@type":"EntryPoint","urlTemplate":"https:\/\/www.francemachinesoutils.com\/fr\/?s={search_term_string}"},"query-input":{"@type":"PropertyValueSpecification","valueRequired":true,"valueName":"search_term_string"}}],"inLanguage":"fr-FR"},{"@type":"Organization","@id":"https:\/\/www.francemachinesoutils.com\/fr\/#organization","name":"France Machines Outils","url":"https:\/\/www.francemachinesoutils.com\/fr\/","logo":{"@type":"ImageObject","inLanguage":"fr-FR","@id":"https:\/\/www.francemachinesoutils.com\/fr\/#\/schema\/logo\/image\/","url":"https:\/\/www.francemachinesoutils.com\/wp-content\/uploads\/2022\/05\/Icone_Logo_Bordure-01-01.jpg","contentUrl":"https:\/\/www.francemachinesoutils.com\/wp-content\/uploads\/2022\/05\/Icone_Logo_Bordure-01-01.jpg","width":1512,"height":1512,"caption":"France Machines Outils"},"image":{"@id":"https:\/\/www.francemachinesoutils.com\/fr\/#\/schema\/logo\/image\/"},"sameAs":["https:\/\/www.facebook.com\/France-Machines-Outils-916485235075111","https:\/\/www.linkedin.com\/company\/grp-france-machines-outils\/?viewAsMember=true","https:\/\/www.youtube.com\/channel\/UCxbixPSB4J1a7GVI2nT3Y_g"]},{"@type":"Person","@id":"https:\/\/www.francemachinesoutils.com\/fr\/#\/schema\/person\/4ebdcb0f438c80e0f8e9c8f360558ee6","name":"lgilfort","image":{"@type":"ImageObject","inLanguage":"fr-FR","@id":"https:\/\/www.francemachinesoutils.com\/fr\/#\/schema\/person\/image\/","url":"https:\/\/secure.gravatar.com\/avatar\/db9541c9d91f216b06575bb0facd72d082832949cb9290f22129d1937db94cb4?s=96&d=mm&r=g","contentUrl":"https:\/\/secure.gravatar.com\/avatar\/db9541c9d91f216b06575bb0facd72d082832949cb9290f22129d1937db94cb4?s=96&d=mm&r=g","caption":"lgilfort"}}]}},"_links":{"self":[{"href":"https:\/\/www.francemachinesoutils.com\/fr\/wp-json\/wp\/v2\/posts\/3788","targetHints":{"allow":["GET"]}}],"collection":[{"href":"https:\/\/www.francemachinesoutils.com\/fr\/wp-json\/wp\/v2\/posts"}],"about":[{"href":"https:\/\/www.francemachinesoutils.com\/fr\/wp-json\/wp\/v2\/types\/post"}],"author":[{"embeddable":true,"href":"https:\/\/www.francemachinesoutils.com\/fr\/wp-json\/wp\/v2\/users\/7"}],"replies":[{"embeddable":true,"href":"https:\/\/www.francemachinesoutils.com\/fr\/wp-json\/wp\/v2\/comments?post=3788"}],"version-history":[{"count":4,"href":"https:\/\/www.francemachinesoutils.com\/fr\/wp-json\/wp\/v2\/posts\/3788\/revisions"}],"predecessor-version":[{"id":5993,"href":"https:\/\/www.francemachinesoutils.com\/fr\/wp-json\/wp\/v2\/posts\/3788\/revisions\/5993"}],"wp:featuredmedia":[{"embeddable":true,"href":"https:\/\/www.francemachinesoutils.com\/fr\/wp-json\/wp\/v2\/media\/3827"}],"wp:attachment":[{"href":"https:\/\/www.francemachinesoutils.com\/fr\/wp-json\/wp\/v2\/media?parent=3788"}],"wp:term":[{"taxonomy":"category","embeddable":true,"href":"https:\/\/www.francemachinesoutils.com\/fr\/wp-json\/wp\/v2\/categories?post=3788"},{"taxonomy":"post_tag","embeddable":true,"href":"https:\/\/www.francemachinesoutils.com\/fr\/wp-json\/wp\/v2\/tags?post=3788"}],"curies":[{"name":"wp","href":"https:\/\/api.w.org\/{rel}","templated":true}]}}