{"id":6436,"date":"2023-03-23T11:19:00","date_gmt":"2023-03-23T10:19:00","guid":{"rendered":"https:\/\/www.francemachinesoutils.com\/?p=6436\/"},"modified":"2023-10-03T17:32:35","modified_gmt":"2023-10-03T15:32:35","slug":"france-machines-outils-notre-participation-au-salon-global-industrie-de-2023-a-lyon","status":"publish","type":"post","link":"https:\/\/www.francemachinesoutils.com\/fr\/blog\/evenements\/france-machines-outils-notre-participation-au-salon-global-industrie-de-2023-a-lyon.html","title":{"rendered":"France Machines Outils : notre participation au salon Global Industrie de 2023 \u00e0 Lyon"},"content":{"rendered":"<p>L\u2019\u00e9quipe France Machine Outils remercie tous les visiteurs de notre stand lors du salon Global Industrie 2023 \u00e0 Lyon ainsi que ses partenaires Durma et Laser Isse, ce fut un r\u00e9el plaisir de vous accueillir sur notre stand et de discuter de vos projets \u00e0 venir !<\/p>\n","protected":false},"excerpt":{"rendered":"<p>L\u2019\u00e9quipe France Machine Outils remercie tous les visiteurs de notre&#8230;<\/p>\n","protected":false},"author":7,"featured_media":0,"comment_status":"closed","ping_status":"open","sticky":false,"template":"","format":"standard","meta":{"_acf_changed":false,"footnotes":""},"categories":[229],"tags":[],"class_list":["post-6436","post","type-post","status-publish","format-standard","hentry","category-evenements"],"acf":[],"yoast_head":"<!-- This site is optimized with the Yoast SEO plugin v27.1.1 - https:\/\/yoast.com\/product\/yoast-seo-wordpress\/ -->\n<title>Notre participation \u00e0 Global Industrie 2023 \u00e0 Lyon<\/title>\n<meta name=\"description\" content=\"Retrouvez France Machines Outils au salon Global Industrie 2023 \u00e0 Lyon. D\u00e9couvrez nos innovations et \u00e9volutions dans le secteur industriel\" \/>\n<meta name=\"robots\" content=\"index, follow, max-snippet:-1, max-image-preview:large, max-video-preview:-1\" \/>\n<link rel=\"canonical\" href=\"https:\/\/www.francemachinesoutils.com\/fr\/blog\/evenements\/france-machines-outils-notre-participation-au-salon-global-industrie-de-2023-a-lyon.html\" \/>\n<meta property=\"og:locale\" content=\"fr_FR\" \/>\n<meta property=\"og:type\" content=\"article\" \/>\n<meta property=\"og:title\" content=\"Notre participation \u00e0 Global Industrie 2023 \u00e0 Lyon\" \/>\n<meta property=\"og:description\" content=\"Retrouvez France Machines Outils au salon Global Industrie 2023 \u00e0 Lyon. D\u00e9couvrez nos innovations et \u00e9volutions dans le secteur industriel\" \/>\n<meta property=\"og:url\" content=\"https:\/\/www.francemachinesoutils.com\/fr\/blog\/evenements\/france-machines-outils-notre-participation-au-salon-global-industrie-de-2023-a-lyon.html\" \/>\n<meta property=\"og:site_name\" content=\"France Machines Outils\" \/>\n<meta property=\"article:publisher\" content=\"https:\/\/www.facebook.com\/France-Machines-Outils-916485235075111\" \/>\n<meta property=\"article:published_time\" content=\"2023-03-23T10:19:00+00:00\" \/>\n<meta property=\"article:modified_time\" content=\"2023-10-03T15:32:35+00:00\" \/>\n<meta name=\"author\" content=\"lgilfort\" \/>\n<meta name=\"twitter:card\" content=\"summary_large_image\" \/>\n<meta name=\"twitter:label1\" content=\"\u00c9crit par\" \/>\n\t<meta name=\"twitter:data1\" content=\"lgilfort\" \/>\n\t<meta name=\"twitter:label2\" content=\"Dur\u00e9e de lecture estim\u00e9e\" \/>\n\t<meta name=\"twitter:data2\" content=\"1 minute\" \/>\n<script type=\"application\/ld+json\" class=\"yoast-schema-graph\">{\"@context\":\"https:\/\/schema.org\",\"@graph\":[{\"@type\":\"Article\",\"@id\":\"https:\/\/www.francemachinesoutils.com\/fr\/blog\/evenements\/france-machines-outils-notre-participation-au-salon-global-industrie-de-2023-a-lyon.html#article\",\"isPartOf\":{\"@id\":\"https:\/\/www.francemachinesoutils.com\/fr\/blog\/evenements\/france-machines-outils-notre-participation-au-salon-global-industrie-de-2023-a-lyon.html\"},\"author\":{\"name\":\"lgilfort\",\"@id\":\"https:\/\/www.francemachinesoutils.com\/fr\/#\/schema\/person\/4ebdcb0f438c80e0f8e9c8f360558ee6\"},\"headline\":\"France Machines Outils : notre participation au salon Global Industrie de 2023 \u00e0 Lyon\",\"datePublished\":\"2023-03-23T10:19:00+00:00\",\"dateModified\":\"2023-10-03T15:32:35+00:00\",\"mainEntityOfPage\":{\"@id\":\"https:\/\/www.francemachinesoutils.com\/fr\/blog\/evenements\/france-machines-outils-notre-participation-au-salon-global-industrie-de-2023-a-lyon.html\"},\"wordCount\":56,\"publisher\":{\"@id\":\"https:\/\/www.francemachinesoutils.com\/fr\/#organization\"},\"articleSection\":[\"\u00c9v\u00e8nements\"],\"inLanguage\":\"fr-FR\"},{\"@type\":\"WebPage\",\"@id\":\"https:\/\/www.francemachinesoutils.com\/fr\/blog\/evenements\/france-machines-outils-notre-participation-au-salon-global-industrie-de-2023-a-lyon.html\",\"url\":\"https:\/\/www.francemachinesoutils.com\/fr\/blog\/evenements\/france-machines-outils-notre-participation-au-salon-global-industrie-de-2023-a-lyon.html\",\"name\":\"Notre participation \u00e0 Global Industrie 2023 \u00e0 Lyon\",\"isPartOf\":{\"@id\":\"https:\/\/www.francemachinesoutils.com\/fr\/#website\"},\"datePublished\":\"2023-03-23T10:19:00+00:00\",\"dateModified\":\"2023-10-03T15:32:35+00:00\",\"description\":\"Retrouvez France Machines Outils au salon Global Industrie 2023 \u00e0 Lyon. D\u00e9couvrez nos innovations et \u00e9volutions dans le secteur industriel\",\"breadcrumb\":{\"@id\":\"https:\/\/www.francemachinesoutils.com\/fr\/blog\/evenements\/france-machines-outils-notre-participation-au-salon-global-industrie-de-2023-a-lyon.html#breadcrumb\"},\"inLanguage\":\"fr-FR\",\"potentialAction\":[{\"@type\":\"ReadAction\",\"target\":[\"https:\/\/www.francemachinesoutils.com\/fr\/blog\/evenements\/france-machines-outils-notre-participation-au-salon-global-industrie-de-2023-a-lyon.html\"]}]},{\"@type\":\"BreadcrumbList\",\"@id\":\"https:\/\/www.francemachinesoutils.com\/fr\/blog\/evenements\/france-machines-outils-notre-participation-au-salon-global-industrie-de-2023-a-lyon.html#breadcrumb\",\"itemListElement\":[{\"@type\":\"ListItem\",\"position\":1,\"name\":\"Accueil\",\"item\":\"https:\/\/www.francemachinesoutils.com\/fr\/\"},{\"@type\":\"ListItem\",\"position\":2,\"name\":\"\u00c9v\u00e8nements\",\"item\":\"https:\/\/www.francemachinesoutils.com\/fr\/blog\/categorie\/evenements.html\"},{\"@type\":\"ListItem\",\"position\":3,\"name\":\"France Machines Outils : notre participation au salon Global Industrie de 2023 \u00e0 Lyon\"}]},{\"@type\":\"WebSite\",\"@id\":\"https:\/\/www.francemachinesoutils.com\/fr\/#website\",\"url\":\"https:\/\/www.francemachinesoutils.com\/fr\/\",\"name\":\"France Machines Outils\",\"description\":\"France Machines Outils est fournisseur de machines outils neuves et d&#039;occasion pr\u00e9sent sur l&#039;ensemble du territoire.\",\"publisher\":{\"@id\":\"https:\/\/www.francemachinesoutils.com\/fr\/#organization\"},\"potentialAction\":[{\"@type\":\"SearchAction\",\"target\":{\"@type\":\"EntryPoint\",\"urlTemplate\":\"https:\/\/www.francemachinesoutils.com\/fr\/?s={search_term_string}\"},\"query-input\":{\"@type\":\"PropertyValueSpecification\",\"valueRequired\":true,\"valueName\":\"search_term_string\"}}],\"inLanguage\":\"fr-FR\"},{\"@type\":\"Organization\",\"@id\":\"https:\/\/www.francemachinesoutils.com\/fr\/#organization\",\"name\":\"France Machines Outils\",\"url\":\"https:\/\/www.francemachinesoutils.com\/fr\/\",\"logo\":{\"@type\":\"ImageObject\",\"inLanguage\":\"fr-FR\",\"@id\":\"https:\/\/www.francemachinesoutils.com\/fr\/#\/schema\/logo\/image\/\",\"url\":\"https:\/\/www.francemachinesoutils.com\/wp-content\/uploads\/2022\/05\/Icone_Logo_Bordure-01-01.jpg\",\"contentUrl\":\"https:\/\/www.francemachinesoutils.com\/wp-content\/uploads\/2022\/05\/Icone_Logo_Bordure-01-01.jpg\",\"width\":1512,\"height\":1512,\"caption\":\"France Machines Outils\"},\"image\":{\"@id\":\"https:\/\/www.francemachinesoutils.com\/fr\/#\/schema\/logo\/image\/\"},\"sameAs\":[\"https:\/\/www.facebook.com\/France-Machines-Outils-916485235075111\",\"https:\/\/www.linkedin.com\/company\/grp-france-machines-outils\/?viewAsMember=true\",\"https:\/\/www.youtube.com\/channel\/UCxbixPSB4J1a7GVI2nT3Y_g\"]},{\"@type\":\"Person\",\"@id\":\"https:\/\/www.francemachinesoutils.com\/fr\/#\/schema\/person\/4ebdcb0f438c80e0f8e9c8f360558ee6\",\"name\":\"lgilfort\",\"image\":{\"@type\":\"ImageObject\",\"inLanguage\":\"fr-FR\",\"@id\":\"https:\/\/www.francemachinesoutils.com\/fr\/#\/schema\/person\/image\/\",\"url\":\"https:\/\/secure.gravatar.com\/avatar\/db9541c9d91f216b06575bb0facd72d082832949cb9290f22129d1937db94cb4?s=96&d=mm&r=g\",\"contentUrl\":\"https:\/\/secure.gravatar.com\/avatar\/db9541c9d91f216b06575bb0facd72d082832949cb9290f22129d1937db94cb4?s=96&d=mm&r=g\",\"caption\":\"lgilfort\"}}]}<\/script>\n<!-- \/ Yoast SEO plugin. -->","yoast_head_json":{"title":"Notre participation \u00e0 Global Industrie 2023 \u00e0 Lyon","description":"Retrouvez France Machines Outils au salon Global Industrie 2023 \u00e0 Lyon. D\u00e9couvrez nos innovations et \u00e9volutions dans le secteur industriel","robots":{"index":"index","follow":"follow","max-snippet":"max-snippet:-1","max-image-preview":"max-image-preview:large","max-video-preview":"max-video-preview:-1"},"canonical":"https:\/\/www.francemachinesoutils.com\/fr\/blog\/evenements\/france-machines-outils-notre-participation-au-salon-global-industrie-de-2023-a-lyon.html","og_locale":"fr_FR","og_type":"article","og_title":"Notre participation \u00e0 Global Industrie 2023 \u00e0 Lyon","og_description":"Retrouvez France Machines Outils au salon Global Industrie 2023 \u00e0 Lyon. D\u00e9couvrez nos innovations et \u00e9volutions dans le secteur industriel","og_url":"https:\/\/www.francemachinesoutils.com\/fr\/blog\/evenements\/france-machines-outils-notre-participation-au-salon-global-industrie-de-2023-a-lyon.html","og_site_name":"France Machines Outils","article_publisher":"https:\/\/www.facebook.com\/France-Machines-Outils-916485235075111","article_published_time":"2023-03-23T10:19:00+00:00","article_modified_time":"2023-10-03T15:32:35+00:00","author":"lgilfort","twitter_card":"summary_large_image","twitter_misc":{"\u00c9crit par":"lgilfort","Dur\u00e9e de lecture estim\u00e9e":"1 minute"},"schema":{"@context":"https:\/\/schema.org","@graph":[{"@type":"Article","@id":"https:\/\/www.francemachinesoutils.com\/fr\/blog\/evenements\/france-machines-outils-notre-participation-au-salon-global-industrie-de-2023-a-lyon.html#article","isPartOf":{"@id":"https:\/\/www.francemachinesoutils.com\/fr\/blog\/evenements\/france-machines-outils-notre-participation-au-salon-global-industrie-de-2023-a-lyon.html"},"author":{"name":"lgilfort","@id":"https:\/\/www.francemachinesoutils.com\/fr\/#\/schema\/person\/4ebdcb0f438c80e0f8e9c8f360558ee6"},"headline":"France Machines Outils : notre participation au salon Global Industrie de 2023 \u00e0 Lyon","datePublished":"2023-03-23T10:19:00+00:00","dateModified":"2023-10-03T15:32:35+00:00","mainEntityOfPage":{"@id":"https:\/\/www.francemachinesoutils.com\/fr\/blog\/evenements\/france-machines-outils-notre-participation-au-salon-global-industrie-de-2023-a-lyon.html"},"wordCount":56,"publisher":{"@id":"https:\/\/www.francemachinesoutils.com\/fr\/#organization"},"articleSection":["\u00c9v\u00e8nements"],"inLanguage":"fr-FR"},{"@type":"WebPage","@id":"https:\/\/www.francemachinesoutils.com\/fr\/blog\/evenements\/france-machines-outils-notre-participation-au-salon-global-industrie-de-2023-a-lyon.html","url":"https:\/\/www.francemachinesoutils.com\/fr\/blog\/evenements\/france-machines-outils-notre-participation-au-salon-global-industrie-de-2023-a-lyon.html","name":"Notre participation \u00e0 Global Industrie 2023 \u00e0 Lyon","isPartOf":{"@id":"https:\/\/www.francemachinesoutils.com\/fr\/#website"},"datePublished":"2023-03-23T10:19:00+00:00","dateModified":"2023-10-03T15:32:35+00:00","description":"Retrouvez France Machines Outils au salon Global Industrie 2023 \u00e0 Lyon. D\u00e9couvrez nos innovations et \u00e9volutions dans le secteur industriel","breadcrumb":{"@id":"https:\/\/www.francemachinesoutils.com\/fr\/blog\/evenements\/france-machines-outils-notre-participation-au-salon-global-industrie-de-2023-a-lyon.html#breadcrumb"},"inLanguage":"fr-FR","potentialAction":[{"@type":"ReadAction","target":["https:\/\/www.francemachinesoutils.com\/fr\/blog\/evenements\/france-machines-outils-notre-participation-au-salon-global-industrie-de-2023-a-lyon.html"]}]},{"@type":"BreadcrumbList","@id":"https:\/\/www.francemachinesoutils.com\/fr\/blog\/evenements\/france-machines-outils-notre-participation-au-salon-global-industrie-de-2023-a-lyon.html#breadcrumb","itemListElement":[{"@type":"ListItem","position":1,"name":"Accueil","item":"https:\/\/www.francemachinesoutils.com\/fr\/"},{"@type":"ListItem","position":2,"name":"\u00c9v\u00e8nements","item":"https:\/\/www.francemachinesoutils.com\/fr\/blog\/categorie\/evenements.html"},{"@type":"ListItem","position":3,"name":"France Machines Outils : notre participation au salon Global Industrie de 2023 \u00e0 Lyon"}]},{"@type":"WebSite","@id":"https:\/\/www.francemachinesoutils.com\/fr\/#website","url":"https:\/\/www.francemachinesoutils.com\/fr\/","name":"France Machines Outils","description":"France Machines Outils est fournisseur de machines outils neuves et d&#039;occasion pr\u00e9sent sur l&#039;ensemble du territoire.","publisher":{"@id":"https:\/\/www.francemachinesoutils.com\/fr\/#organization"},"potentialAction":[{"@type":"SearchAction","target":{"@type":"EntryPoint","urlTemplate":"https:\/\/www.francemachinesoutils.com\/fr\/?s={search_term_string}"},"query-input":{"@type":"PropertyValueSpecification","valueRequired":true,"valueName":"search_term_string"}}],"inLanguage":"fr-FR"},{"@type":"Organization","@id":"https:\/\/www.francemachinesoutils.com\/fr\/#organization","name":"France Machines Outils","url":"https:\/\/www.francemachinesoutils.com\/fr\/","logo":{"@type":"ImageObject","inLanguage":"fr-FR","@id":"https:\/\/www.francemachinesoutils.com\/fr\/#\/schema\/logo\/image\/","url":"https:\/\/www.francemachinesoutils.com\/wp-content\/uploads\/2022\/05\/Icone_Logo_Bordure-01-01.jpg","contentUrl":"https:\/\/www.francemachinesoutils.com\/wp-content\/uploads\/2022\/05\/Icone_Logo_Bordure-01-01.jpg","width":1512,"height":1512,"caption":"France Machines Outils"},"image":{"@id":"https:\/\/www.francemachinesoutils.com\/fr\/#\/schema\/logo\/image\/"},"sameAs":["https:\/\/www.facebook.com\/France-Machines-Outils-916485235075111","https:\/\/www.linkedin.com\/company\/grp-france-machines-outils\/?viewAsMember=true","https:\/\/www.youtube.com\/channel\/UCxbixPSB4J1a7GVI2nT3Y_g"]},{"@type":"Person","@id":"https:\/\/www.francemachinesoutils.com\/fr\/#\/schema\/person\/4ebdcb0f438c80e0f8e9c8f360558ee6","name":"lgilfort","image":{"@type":"ImageObject","inLanguage":"fr-FR","@id":"https:\/\/www.francemachinesoutils.com\/fr\/#\/schema\/person\/image\/","url":"https:\/\/secure.gravatar.com\/avatar\/db9541c9d91f216b06575bb0facd72d082832949cb9290f22129d1937db94cb4?s=96&d=mm&r=g","contentUrl":"https:\/\/secure.gravatar.com\/avatar\/db9541c9d91f216b06575bb0facd72d082832949cb9290f22129d1937db94cb4?s=96&d=mm&r=g","caption":"lgilfort"}}]}},"_links":{"self":[{"href":"https:\/\/www.francemachinesoutils.com\/fr\/wp-json\/wp\/v2\/posts\/6436","targetHints":{"allow":["GET"]}}],"collection":[{"href":"https:\/\/www.francemachinesoutils.com\/fr\/wp-json\/wp\/v2\/posts"}],"about":[{"href":"https:\/\/www.francemachinesoutils.com\/fr\/wp-json\/wp\/v2\/types\/post"}],"author":[{"embeddable":true,"href":"https:\/\/www.francemachinesoutils.com\/fr\/wp-json\/wp\/v2\/users\/7"}],"replies":[{"embeddable":true,"href":"https:\/\/www.francemachinesoutils.com\/fr\/wp-json\/wp\/v2\/comments?post=6436"}],"version-history":[{"count":3,"href":"https:\/\/www.francemachinesoutils.com\/fr\/wp-json\/wp\/v2\/posts\/6436\/revisions"}],"predecessor-version":[{"id":6480,"href":"https:\/\/www.francemachinesoutils.com\/fr\/wp-json\/wp\/v2\/posts\/6436\/revisions\/6480"}],"wp:attachment":[{"href":"https:\/\/www.francemachinesoutils.com\/fr\/wp-json\/wp\/v2\/media?parent=6436"}],"wp:term":[{"taxonomy":"category","embeddable":true,"href":"https:\/\/www.francemachinesoutils.com\/fr\/wp-json\/wp\/v2\/categories?post=6436"},{"taxonomy":"post_tag","embeddable":true,"href":"https:\/\/www.francemachinesoutils.com\/fr\/wp-json\/wp\/v2\/tags?post=6436"}],"curies":[{"name":"wp","href":"https:\/\/api.w.org\/{rel}","templated":true}]}}